{"id":19,"date":"2020-10-13T20:27:42","date_gmt":"2020-10-13T19:27:42","guid":{"rendered":"http:\/\/juliaresan.se\/?p=19"},"modified":"2020-11-03T10:50:10","modified_gmt":"2020-11-03T10:50:10","slug":"ett-upplyft-infor-kommande-tripp","status":"publish","type":"post","link":"http:\/\/juliaresan.se\/?p=19","title":{"rendered":"Ett upplyft inf\u00f6r kommande tripp"},"content":{"rendered":"<p>Denna sommar blev inte som man hade t\u00e4nkt sig precis, och egentligen g\u00f6r det ingenting. Jag och familjen har helt enkelt gjort om flygbiljettsbudgeten till bilresebudget, och med fullastat bagageutrymme kommer resan s\u00e5 sm\u00e5ningom g\u00e5 mot \u00d6sterrike.<\/p>\n<p>I och med denna helomv\u00e4ndning s\u00e5 s\u00e5g vi behov av att bilen utrustades med lite nya attiraljer. Vi lade fokus p\u00e5 skaffa <a href=\"https:\/\/ljusgiganten.se\/led-extraljus\"><strong>extraljus till bilen<\/strong><\/a> s\u00e5 att vi kan k\u00e4nna oss s\u00e4kra ute p\u00e5 de slingrande europeiska v\u00e4garna. Vi installerade \u00e4ven en backkamera f\u00f6r att vara p\u00e5 s\u00e4kra sidan n\u00e4r vi k\u00f6r in och ut p\u00e5 campingplatser utmed resans g\u00e5ng. Vi valde ett system av typen tr\u00e5dl\u00f6s och installationen var d\u00e4rf\u00f6r extremt enkel (till och med f\u00f6r en s\u00e5n otekniskt lagd sj\u00e4l som jag sj\u00e4lv). Vi var noga med att b\u00e5de extraljus och backkamera hade h\u00f6g kapslingsklass och d\u00e4rmed t\u00e5l en rej\u00e4l skv\u00e4tt regn, om det skulle visa sig att v\u00e4dret inte var p\u00e5 v\u00e5r sida under detta \u00e4ventyr.<\/p>\n<h2>Kompletterande ljus<\/h2>\n<p>Ut\u00f6ver dessa inhandlades \u00e4ven en mindre ljusramp som komplement till de runda ljusen. Denna satte vi, enligt rekommendation fr\u00e5n <strong><a href=\"https:\/\/ljusgiganten.se\/\">Ljusgiganten.se<\/a><\/strong>, bakom grillen p\u00e5 bilen. Vi har bara testk\u00f6rt den h\u00e4r ute p\u00e5 v\u00e5ran landsv\u00e4g, men vi var alla grymt imponerade av s\u00e5v\u00e4l r\u00e4ckvidd som bredd.<\/p>\n<p>F\u00f6r m\u00f6rka n\u00e4tter i t\u00e4lt skaffade vi ett par ficklampor av version mindre. Dessa passar framf\u00f6r allt barnen som tycker just m\u00f6rker \u00e4r lite l\u00e4skigt. S\u00e5 nu \u00e4r vi, fr\u00e5n liten till stor, m\u00e4nniska till maskin, redo att anta detta \u00e4ventyr som vi d\u00f6pt till \u00d6sterrike 2020.<\/p>\n","protected":false},"excerpt":{"rendered":"<p>Denna sommar blev inte som man hade t\u00e4nkt sig precis, och egentligen g\u00f6r det ingenting. Jag och familjen har helt enkelt gjort om flygbiljettsbudgeten till bilresebudget, och med fullastat bagageutrymme kommer resan s\u00e5 sm\u00e5ningom g\u00e5 mot \u00d6sterrike. I och med denna helomv\u00e4ndning s\u00e5 s\u00e5g vi behov av att bilen utrustades<\/p>\n<div class=\"continue-reading-wrapper\"><a href=\"http:\/\/juliaresan.se\/?p=19\" class=\"continue-reading\">Continue Reading<i class=\"ion-ios-arrow-right\"><\/i><\/a><\/div>\n","protected":false},"author":1,"featured_media":22,"comment_status":"closed","ping_status":"open","sticky":false,"template":"","format":"standard","meta":[],"categories":[2],"tags":[],"_links":{"self":[{"href":"http:\/\/juliaresan.se\/index.php?rest_route=\/wp\/v2\/posts\/19"}],"collection":[{"href":"http:\/\/juliaresan.se\/index.php?rest_route=\/wp\/v2\/posts"}],"about":[{"href":"http:\/\/juliaresan.se\/index.php?rest_route=\/wp\/v2\/types\/post"}],"author":[{"embeddable":true,"href":"http:\/\/juliaresan.se\/index.php?rest_route=\/wp\/v2\/users\/1"}],"replies":[{"embeddable":true,"href":"http:\/\/juliaresan.se\/index.php?rest_route=%2Fwp%2Fv2%2Fcomments&post=19"}],"version-history":[{"count":5,"href":"http:\/\/juliaresan.se\/index.php?rest_route=\/wp\/v2\/posts\/19\/revisions"}],"predecessor-version":[{"id":25,"href":"http:\/\/juliaresan.se\/index.php?rest_route=\/wp\/v2\/posts\/19\/revisions\/25"}],"wp:featuredmedia":[{"embeddable":true,"href":"http:\/\/juliaresan.se\/index.php?rest_route=\/wp\/v2\/media\/22"}],"wp:attachment":[{"href":"http:\/\/juliaresan.se\/index.php?rest_route=%2Fwp%2Fv2%2Fmedia&parent=19"}],"wp:term":[{"taxonomy":"category","embeddable":true,"href":"http:\/\/juliaresan.se\/index.php?rest_route=%2Fwp%2Fv2%2Fcategories&post=19"},{"taxonomy":"post_tag","embeddable":true,"href":"http:\/\/juliaresan.se\/index.php?rest_route=%2Fwp%2Fv2%2Ftags&post=19"}],"curies":[{"name":"wp","href":"https:\/\/api.w.org\/{rel}","templated":true}]}}